{"id":2925,"date":"2026-08-31T17:09:32","date_gmt":"2026-08-31T15:09:32","guid":{"rendered":"https:\/\/www.caritasorvietotodi.it\/caritaswp\/?p=2925"},"modified":"2026-08-31T17:10:05","modified_gmt":"2026-08-31T15:10:05","slug":"camminata-della-carita-2026","status":"publish","type":"post","link":"https:\/\/www.caritasorvietotodi.it\/caritaswp\/camminata-della-carita-2026\/","title":{"rendered":"Camminata della Carit\u00e0 2026"},"content":{"rendered":"\n<div class=\"wp-block-uagb-advanced-heading uagb-block-62fa7012\"><h2 class=\"uagb-heading-text\"><strong>Camminata della Carit\u00e0 2026<\/strong><\/h2><\/div>\n\n\n\n<div class=\"wp-block-uagb-info-box uagb-block-7ff74444 uagb-infobox__content-wrap  uagb-infobox-icon-above-title uagb-infobox-image-valign-top\"><div class=\"uagb-ifb-content\"><div class=\"uagb-ifb-title-wrap\"><\/div><p class=\"uagb-ifb-desc\">Domenica 30 agosto la Diocesi di Orvieto-Todi ha attraversato l\u2019antica via che collega Montecastrilli ad Acquasparta in occasione della Camminata della Carit\u00e0 promossa dalla Caritas diocesana. Quest\u2019ultima \u00e8 l\u2019appuntamento che la Caritas diocesana promuove ogni anno in una zona pastorale diversa come pellegrinaggio annuale percorso sulle orme di quanti ci hanno preceduto nel cammino verso l\u2019eternit\u00e0, mettendo la propria vita a servizio della Chiesa nella carit\u00e0 testimoniando la bellezza del camminare con i fratelli nello spirito del Vangelo. In occasione dell\u2019ottavo centenario dalla morte di San Francesco, la cui vita fu modello per tanti nel territorio dell\u2019Unit\u00e0 Pastorale dei Santi Callisto e Cassiano, la Camminata della Carit\u00e0 ha avuto per inizio e per meta due tra i luoghi francescani di questo territorio: il monastero di Santa Chiara in Montecastrilli e la Chiesa di San Francesco in Acquasparta. Le oltre 70 persone in cammino hanno fatto sosta presso la Chiesa della Madonna del Giglio, da cui ha preso avvio la processione alla quale si sono unite oltre 80 persone: cos\u00ec l\u2019intero popolo di Dio ha raggiunto la meta. <br>L\u2019ultimo tratto del cammino \u00e8 stato accompagnato da un\u2019incessante preghiera di lode e ringraziamento al Signore per il dono di confraternite, sacerdoti, religiosi, consacrati e laici che hanno donato la vita a servizio di poveri, bisognosi, bambini attraverso opere di misericordia corporali e spirituali. Per l\u2019organizzazione della Camminata della Carit\u00e0 la comunit\u00e0 ecclesiale e la comunit\u00e0 civile si sono riunite e raccolte offrendo ciascuna risorse e competenze perch\u00e9 tutto riuscisse al meglio: dalle parrocchie alle amministrazioni locali, dal volontariato cristiano all\u2019associazionismo laico, fino alle forze dell\u2019ordine. <br>Il clima di collaborazione e condivisione respirato alla Camminata \u00e8 stato il riflesso del lavoro inarrestabile dei tanti volontari del Monastero che, coordinati dal responsabile della diaconia della carit\u00e0 e dagli altri sacerdoti dell\u2019Unit\u00e0 Pastorale, hanno ridonato un nuovo volto ad alcuni locali del complesso monastico dedicati al nuovo centro di ascolto della zona. Prima del cammino, infatti, sono stati benedetti i locali ristrutturati, prima pietra posta per l\u2019edificio della Carit\u00e0 che, gi\u00e0 presente nelle diverse parrocchie, si riunisce in un unico centro dal quale partir\u00e0 ogni azione di carit\u00e0 capace di irrorare ogni periferia territoriale ed esistenziale.<br>\u00a0<br>\u00a0<br>\u00a0Il centro di ascolto Caritas dell\u2019Unit\u00e0 Pastorale dei Santi Callisto e Cassiano \u00e8 un\u2019oasi di comunione tra le parrocchie del territorio che si riuniscono per essere il volto della Chiesa che ascolta, accoglie e accompagna. Questo luogo \u00e8 una sentinella per i bisogni del territorio, spazio della cura verso ogni solitudine e fragilit\u00e0, rifugio accogliente per chi vive situazioni di particolare vulnerabilit\u00e0 sociale, relazionale ed economica. Partendo da questo luogo ciascuno sia capace di arrivare fino ai crocicchi delle strade del proprio paese; ciascuno sappia farsi prossimo di ogni fratello e sappia raggiungere quelle povert\u00e0 che rimangono nel nascondimento per vergogna e paura del giudizio e, come ci ricorda spesso il nostro Vescovo Gualtiero, sappia prima di tutto ascoltare il pi\u00f9 assordante grido della povert\u00e0 del nostro tempo: \u201cnon ho nessuno\u201d.<\/p><\/div><\/div>\n\n\n\n<figure class=\"wp-block-gallery has-nested-images columns-default is-cropped wp-block-gallery-1 is-layout-flex wp-block-gallery-is-layout-flex\">\n<figure class=\"wp-block-image size-large\"><img loading=\"lazy\" decoding=\"async\" width=\"1024\" height=\"683\" data-id=\"2932\" src=\"https:\/\/www.caritasorvietotodi.it\/caritaswp\/wp-content\/uploads\/2026\/08\/1-_A7C6788-1024x683.jpg\" alt=\"\" class=\"wp-image-2932\" srcset=\"https:\/\/www.caritasorvietotodi.it\/caritaswp\/wp-content\/uploads\/2026\/08\/1-_A7C6788-1024x683.jpg 1024w, https:\/\/www.caritasorvietotodi.it\/caritaswp\/wp-content\/uploads\/2026\/08\/1-_A7C6788-300x200.jpg 300w, https:\/\/www.caritasorvietotodi.it\/caritaswp\/wp-content\/uploads\/2026\/08\/1-_A7C6788-768x512.jpg 768w, https:\/\/www.caritasorvietotodi.it\/caritaswp\/wp-content\/uploads\/2026\/08\/1-_A7C6788-1536x1024.jpg 1536w, https:\/\/www.caritasorvietotodi.it\/caritaswp\/wp-content\/uploads\/2026\/08\/1-_A7C6788.jpg 2048w\" sizes=\"(max-width: 1024px) 100vw, 1024px\" \/><\/figure>\n\n\n\n<figure class=\"wp-block-image size-large\"><img loading=\"lazy\" decoding=\"async\" width=\"1024\" height=\"683\" data-id=\"2935\" src=\"https:\/\/www.caritasorvietotodi.it\/caritaswp\/wp-content\/uploads\/2026\/08\/8-_A7C6795-1024x683.jpg\" alt=\"\" class=\"wp-image-2935\" srcset=\"https:\/\/www.caritasorvietotodi.it\/caritaswp\/wp-content\/uploads\/2026\/08\/8-_A7C6795-1024x683.jpg 1024w, https:\/\/www.caritasorvietotodi.it\/caritaswp\/wp-content\/uploads\/2026\/08\/8-_A7C6795-300x200.jpg 300w, https:\/\/www.caritasorvietotodi.it\/caritaswp\/wp-content\/uploads\/2026\/08\/8-_A7C6795-768x512.jpg 768w, https:\/\/www.caritasorvietotodi.it\/caritaswp\/wp-content\/uploads\/2026\/08\/8-_A7C6795-1536x1024.jpg 1536w, https:\/\/www.caritasorvietotodi.it\/caritaswp\/wp-content\/uploads\/2026\/08\/8-_A7C6795.jpg 2048w\" sizes=\"(max-width: 1024px) 100vw, 1024px\" \/><\/figure>\n\n\n\n<figure class=\"wp-block-image size-large\"><img loading=\"lazy\" decoding=\"async\" width=\"1024\" height=\"683\" data-id=\"2938\" src=\"https:\/\/www.caritasorvietotodi.it\/caritaswp\/wp-content\/uploads\/2026\/08\/17-_A7C6804-1024x683.jpg\" alt=\"\" class=\"wp-image-2938\" srcset=\"https:\/\/www.caritasorvietotodi.it\/caritaswp\/wp-content\/uploads\/2026\/08\/17-_A7C6804-1024x683.jpg 1024w, https:\/\/www.caritasorvietotodi.it\/caritaswp\/wp-content\/uploads\/2026\/08\/17-_A7C6804-300x200.jpg 300w, https:\/\/www.caritasorvietotodi.it\/caritaswp\/wp-content\/uploads\/2026\/08\/17-_A7C6804-768x512.jpg 768w, https:\/\/www.caritasorvietotodi.it\/caritaswp\/wp-content\/uploads\/2026\/08\/17-_A7C6804-1536x1024.jpg 1536w, https:\/\/www.caritasorvietotodi.it\/caritaswp\/wp-content\/uploads\/2026\/08\/17-_A7C6804.jpg 2048w\" sizes=\"(max-width: 1024px) 100vw, 1024px\" \/><\/figure>\n\n\n\n<figure class=\"wp-block-image size-large\"><img loading=\"lazy\" decoding=\"async\" width=\"683\" height=\"1024\" data-id=\"2931\" src=\"https:\/\/www.caritasorvietotodi.it\/caritaswp\/wp-content\/uploads\/2026\/08\/32-_A7C6826-683x1024.jpg\" alt=\"\" class=\"wp-image-2931\" srcset=\"https:\/\/www.caritasorvietotodi.it\/caritaswp\/wp-content\/uploads\/2026\/08\/32-_A7C6826-683x1024.jpg 683w, https:\/\/www.caritasorvietotodi.it\/caritaswp\/wp-content\/uploads\/2026\/08\/32-_A7C6826-200x300.jpg 200w, https:\/\/www.caritasorvietotodi.it\/caritaswp\/wp-content\/uploads\/2026\/08\/32-_A7C6826-768x1152.jpg 768w, https:\/\/www.caritasorvietotodi.it\/caritaswp\/wp-content\/uploads\/2026\/08\/32-_A7C6826-1024x1536.jpg 1024w, https:\/\/www.caritasorvietotodi.it\/caritaswp\/wp-content\/uploads\/2026\/08\/32-_A7C6826.jpg 1365w\" sizes=\"(max-width: 683px) 100vw, 683px\" \/><\/figure>\n\n\n\n<figure class=\"wp-block-image size-large\"><img loading=\"lazy\" decoding=\"async\" width=\"1024\" height=\"715\" data-id=\"2934\" src=\"https:\/\/www.caritasorvietotodi.it\/caritaswp\/wp-content\/uploads\/2026\/08\/31-_A7C6825-1024x715.jpg\" alt=\"\" class=\"wp-image-2934\" srcset=\"https:\/\/www.caritasorvietotodi.it\/caritaswp\/wp-content\/uploads\/2026\/08\/31-_A7C6825-1024x715.jpg 1024w, https:\/\/www.caritasorvietotodi.it\/caritaswp\/wp-content\/uploads\/2026\/08\/31-_A7C6825-300x209.jpg 300w, https:\/\/www.caritasorvietotodi.it\/caritaswp\/wp-content\/uploads\/2026\/08\/31-_A7C6825-768x536.jpg 768w, https:\/\/www.caritasorvietotodi.it\/caritaswp\/wp-content\/uploads\/2026\/08\/31-_A7C6825-1536x1073.jpg 1536w, https:\/\/www.caritasorvietotodi.it\/caritaswp\/wp-content\/uploads\/2026\/08\/31-_A7C6825.jpg 2048w\" sizes=\"(max-width: 1024px) 100vw, 1024px\" \/><\/figure>\n\n\n\n<figure class=\"wp-block-image size-large\"><img loading=\"lazy\" decoding=\"async\" width=\"1024\" height=\"683\" data-id=\"2927\" src=\"https:\/\/www.caritasorvietotodi.it\/caritaswp\/wp-content\/uploads\/2026\/08\/24-_A7C6811-1024x683.jpg\" alt=\"\" class=\"wp-image-2927\" srcset=\"https:\/\/www.caritasorvietotodi.it\/caritaswp\/wp-content\/uploads\/2026\/08\/24-_A7C6811-1024x683.jpg 1024w, https:\/\/www.caritasorvietotodi.it\/caritaswp\/wp-content\/uploads\/2026\/08\/24-_A7C6811-300x200.jpg 300w, https:\/\/www.caritasorvietotodi.it\/caritaswp\/wp-content\/uploads\/2026\/08\/24-_A7C6811-768x512.jpg 768w, https:\/\/www.caritasorvietotodi.it\/caritaswp\/wp-content\/uploads\/2026\/08\/24-_A7C6811-1536x1024.jpg 1536w, https:\/\/www.caritasorvietotodi.it\/caritaswp\/wp-content\/uploads\/2026\/08\/24-_A7C6811.jpg 2048w\" sizes=\"(max-width: 1024px) 100vw, 1024px\" \/><\/figure>\n\n\n\n<figure class=\"wp-block-image size-large\"><img loading=\"lazy\" decoding=\"async\" width=\"1024\" height=\"682\" data-id=\"2929\" src=\"https:\/\/www.caritasorvietotodi.it\/caritaswp\/wp-content\/uploads\/2026\/08\/25-_A7C6812-HDR-1024x682.jpg\" alt=\"\" class=\"wp-image-2929\" srcset=\"https:\/\/www.caritasorvietotodi.it\/caritaswp\/wp-content\/uploads\/2026\/08\/25-_A7C6812-HDR-1024x682.jpg 1024w, https:\/\/www.caritasorvietotodi.it\/caritaswp\/wp-content\/uploads\/2026\/08\/25-_A7C6812-HDR-300x200.jpg 300w, https:\/\/www.caritasorvietotodi.it\/caritaswp\/wp-content\/uploads\/2026\/08\/25-_A7C6812-HDR-768x512.jpg 768w, https:\/\/www.caritasorvietotodi.it\/caritaswp\/wp-content\/uploads\/2026\/08\/25-_A7C6812-HDR-1536x1023.jpg 1536w, https:\/\/www.caritasorvietotodi.it\/caritaswp\/wp-content\/uploads\/2026\/08\/25-_A7C6812-HDR.jpg 2048w\" sizes=\"(max-width: 1024px) 100vw, 1024px\" \/><\/figure>\n\n\n\n<figure class=\"wp-block-image size-large\"><img loading=\"lazy\" decoding=\"async\" width=\"1024\" height=\"683\" data-id=\"2933\" src=\"https:\/\/www.caritasorvietotodi.it\/caritaswp\/wp-content\/uploads\/2026\/08\/28-_A7C6822-1024x683.jpg\" alt=\"\" class=\"wp-image-2933\" srcset=\"https:\/\/www.caritasorvietotodi.it\/caritaswp\/wp-content\/uploads\/2026\/08\/28-_A7C6822-1024x683.jpg 1024w, https:\/\/www.caritasorvietotodi.it\/caritaswp\/wp-content\/uploads\/2026\/08\/28-_A7C6822-300x200.jpg 300w, https:\/\/www.caritasorvietotodi.it\/caritaswp\/wp-content\/uploads\/2026\/08\/28-_A7C6822-768x512.jpg 768w, https:\/\/www.caritasorvietotodi.it\/caritaswp\/wp-content\/uploads\/2026\/08\/28-_A7C6822-1536x1024.jpg 1536w, https:\/\/www.caritasorvietotodi.it\/caritaswp\/wp-content\/uploads\/2026\/08\/28-_A7C6822.jpg 2048w\" sizes=\"(max-width: 1024px) 100vw, 1024px\" \/><\/figure>\n\n\n\n<figure class=\"wp-block-image size-large\"><img loading=\"lazy\" decoding=\"async\" width=\"1024\" height=\"683\" data-id=\"2928\" src=\"https:\/\/www.caritasorvietotodi.it\/caritaswp\/wp-content\/uploads\/2026\/08\/29-_A7C6823-1024x683.jpg\" alt=\"\" class=\"wp-image-2928\" srcset=\"https:\/\/www.caritasorvietotodi.it\/caritaswp\/wp-content\/uploads\/2026\/08\/29-_A7C6823-1024x683.jpg 1024w, https:\/\/www.caritasorvietotodi.it\/caritaswp\/wp-content\/uploads\/2026\/08\/29-_A7C6823-300x200.jpg 300w, https:\/\/www.caritasorvietotodi.it\/caritaswp\/wp-content\/uploads\/2026\/08\/29-_A7C6823-768x512.jpg 768w, https:\/\/www.caritasorvietotodi.it\/caritaswp\/wp-content\/uploads\/2026\/08\/29-_A7C6823-1536x1024.jpg 1536w, https:\/\/www.caritasorvietotodi.it\/caritaswp\/wp-content\/uploads\/2026\/08\/29-_A7C6823.jpg 2048w\" sizes=\"(max-width: 1024px) 100vw, 1024px\" \/><\/figure>\n\n\n\n<figure class=\"wp-block-image size-large\"><img loading=\"lazy\" decoding=\"async\" width=\"1024\" height=\"683\" data-id=\"2940\" src=\"https:\/\/www.caritasorvietotodi.it\/caritaswp\/wp-content\/uploads\/2026\/08\/58-_A7C6865-1024x683.jpg\" alt=\"\" class=\"wp-image-2940\" srcset=\"https:\/\/www.caritasorvietotodi.it\/caritaswp\/wp-content\/uploads\/2026\/08\/58-_A7C6865-1024x683.jpg 1024w, https:\/\/www.caritasorvietotodi.it\/caritaswp\/wp-content\/uploads\/2026\/08\/58-_A7C6865-300x200.jpg 300w, https:\/\/www.caritasorvietotodi.it\/caritaswp\/wp-content\/uploads\/2026\/08\/58-_A7C6865-768x512.jpg 768w, https:\/\/www.caritasorvietotodi.it\/caritaswp\/wp-content\/uploads\/2026\/08\/58-_A7C6865-1536x1024.jpg 1536w, https:\/\/www.caritasorvietotodi.it\/caritaswp\/wp-content\/uploads\/2026\/08\/58-_A7C6865.jpg 2048w\" sizes=\"(max-width: 1024px) 100vw, 1024px\" \/><\/figure>\n\n\n\n<figure class=\"wp-block-image size-large\"><img loading=\"lazy\" decoding=\"async\" width=\"1024\" height=\"683\" data-id=\"2936\" src=\"https:\/\/www.caritasorvietotodi.it\/caritaswp\/wp-content\/uploads\/2026\/08\/62-_A7C6873-1024x683.jpg\" alt=\"\" class=\"wp-image-2936\" srcset=\"https:\/\/www.caritasorvietotodi.it\/caritaswp\/wp-content\/uploads\/2026\/08\/62-_A7C6873-1024x683.jpg 1024w, https:\/\/www.caritasorvietotodi.it\/caritaswp\/wp-content\/uploads\/2026\/08\/62-_A7C6873-300x200.jpg 300w, https:\/\/www.caritasorvietotodi.it\/caritaswp\/wp-content\/uploads\/2026\/08\/62-_A7C6873-768x512.jpg 768w, https:\/\/www.caritasorvietotodi.it\/caritaswp\/wp-content\/uploads\/2026\/08\/62-_A7C6873-1536x1024.jpg 1536w, https:\/\/www.caritasorvietotodi.it\/caritaswp\/wp-content\/uploads\/2026\/08\/62-_A7C6873.jpg 2048w\" sizes=\"(max-width: 1024px) 100vw, 1024px\" \/><\/figure>\n\n\n\n<figure class=\"wp-block-image size-large\"><img loading=\"lazy\" decoding=\"async\" width=\"1024\" height=\"683\" data-id=\"2939\" src=\"https:\/\/www.caritasorvietotodi.it\/caritaswp\/wp-content\/uploads\/2026\/08\/69-_A7C6880-1024x683.jpg\" alt=\"\" class=\"wp-image-2939\" srcset=\"https:\/\/www.caritasorvietotodi.it\/caritaswp\/wp-content\/uploads\/2026\/08\/69-_A7C6880-1024x683.jpg 1024w, https:\/\/www.caritasorvietotodi.it\/caritaswp\/wp-content\/uploads\/2026\/08\/69-_A7C6880-300x200.jpg 300w, https:\/\/www.caritasorvietotodi.it\/caritaswp\/wp-content\/uploads\/2026\/08\/69-_A7C6880-768x512.jpg 768w, https:\/\/www.caritasorvietotodi.it\/caritaswp\/wp-content\/uploads\/2026\/08\/69-_A7C6880-1536x1024.jpg 1536w, https:\/\/www.caritasorvietotodi.it\/caritaswp\/wp-content\/uploads\/2026\/08\/69-_A7C6880.jpg 2048w\" sizes=\"(max-width: 1024px) 100vw, 1024px\" \/><\/figure>\n\n\n\n<figure class=\"wp-block-image size-large\"><img loading=\"lazy\" decoding=\"async\" width=\"1024\" height=\"683\" data-id=\"2930\" src=\"https:\/\/www.caritasorvietotodi.it\/caritaswp\/wp-content\/uploads\/2026\/08\/71-_A7C6882-1024x683.jpg\" alt=\"\" class=\"wp-image-2930\" srcset=\"https:\/\/www.caritasorvietotodi.it\/caritaswp\/wp-content\/uploads\/2026\/08\/71-_A7C6882-1024x683.jpg 1024w, https:\/\/www.caritasorvietotodi.it\/caritaswp\/wp-content\/uploads\/2026\/08\/71-_A7C6882-300x200.jpg 300w, https:\/\/www.caritasorvietotodi.it\/caritaswp\/wp-content\/uploads\/2026\/08\/71-_A7C6882-768x512.jpg 768w, https:\/\/www.caritasorvietotodi.it\/caritaswp\/wp-content\/uploads\/2026\/08\/71-_A7C6882-1536x1024.jpg 1536w, https:\/\/www.caritasorvietotodi.it\/caritaswp\/wp-content\/uploads\/2026\/08\/71-_A7C6882.jpg 2048w\" sizes=\"(max-width: 1024px) 100vw, 1024px\" \/><\/figure>\n\n\n\n<figure class=\"wp-block-image size-large\"><img loading=\"lazy\" decoding=\"async\" width=\"1024\" height=\"768\" data-id=\"2941\" src=\"https:\/\/www.caritasorvietotodi.it\/caritaswp\/wp-content\/uploads\/2026\/08\/74-APC_0082-1024x768.jpg\" alt=\"\" class=\"wp-image-2941\" srcset=\"https:\/\/www.caritasorvietotodi.it\/caritaswp\/wp-content\/uploads\/2026\/08\/74-APC_0082-1024x768.jpg 1024w, https:\/\/www.caritasorvietotodi.it\/caritaswp\/wp-content\/uploads\/2026\/08\/74-APC_0082-300x225.jpg 300w, https:\/\/www.caritasorvietotodi.it\/caritaswp\/wp-content\/uploads\/2026\/08\/74-APC_0082-768x576.jpg 768w, https:\/\/www.caritasorvietotodi.it\/caritaswp\/wp-content\/uploads\/2026\/08\/74-APC_0082-1536x1152.jpg 1536w, https:\/\/www.caritasorvietotodi.it\/caritaswp\/wp-content\/uploads\/2026\/08\/74-APC_0082-2048x1536.jpg 2048w\" sizes=\"(max-width: 1024px) 100vw, 1024px\" \/><\/figure>\n\n\n\n<figure class=\"wp-block-image size-large\"><img loading=\"lazy\" decoding=\"async\" width=\"768\" height=\"1024\" data-id=\"2942\" src=\"https:\/\/www.caritasorvietotodi.it\/caritaswp\/wp-content\/uploads\/2026\/08\/78-APC_0086-768x1024.jpg\" alt=\"\" class=\"wp-image-2942\" srcset=\"https:\/\/www.caritasorvietotodi.it\/caritaswp\/wp-content\/uploads\/2026\/08\/78-APC_0086-768x1024.jpg 768w, https:\/\/www.caritasorvietotodi.it\/caritaswp\/wp-content\/uploads\/2026\/08\/78-APC_0086-225x300.jpg 225w, https:\/\/www.caritasorvietotodi.it\/caritaswp\/wp-content\/uploads\/2026\/08\/78-APC_0086-1152x1536.jpg 1152w, https:\/\/www.caritasorvietotodi.it\/caritaswp\/wp-content\/uploads\/2026\/08\/78-APC_0086-1536x2048.jpg 1536w, https:\/\/www.caritasorvietotodi.it\/caritaswp\/wp-content\/uploads\/2026\/08\/78-APC_0086-scaled.jpg 1920w\" sizes=\"(max-width: 768px) 100vw, 768px\" \/><\/figure>\n<\/figure>\n\n\n\n<div class=\"wp-block-uagb-info-box uagb-block-628ab1b0 uagb-infobox__content-wrap  uagb-infobox-icon-above-title uagb-infobox-image-valign-top\"><div class=\"uagb-ifb-content\"><div class=\"uagb-ifb-title-wrap\"><\/div><p class=\"uagb-ifb-desc\">Foto di Lamberto Manni<\/p><\/div><\/div>\n","protected":false},"excerpt":{"rendered":"<p>Camminata della Carit\u00e0 2026<\/p>\n","protected":false},"author":3,"featured_media":2936,"comment_status":"closed","ping_status":"open","sticky":false,"template":"","format":"standard","meta":{"_uag_custom_page_level_css":"","site-sidebar-layout":"default","site-content-layout":"","ast-site-content-layout":"default","site-content-style":"default","site-sidebar-style":"default","ast-global-header-display":"","ast-banner-title-visibility":"","ast-main-header-display":"","ast-hfb-above-header-display":"","ast-hfb-below-header-display":"","ast-hfb-mobile-header-display":"","site-post-title":"disabled","ast-breadcrumbs-content":"","ast-featured-img":"disabled","footer-sml-layout":"","theme-transparent-header-meta":"","adv-header-id-meta":"","stick-header-meta":"","header-above-stick-meta":"","header-main-stick-meta":"","header-below-stick-meta":"","astra-migrate-meta-layouts":"set","ast-page-background-enabled":"default","ast-page-background-meta":{"desktop":{"background-color":"var(--ast-global-color-4)","background-image":"","background-repeat":"repeat","background-position":"center center","background-size":"auto","background-attachment":"scroll","background-type":"","background-media":"","overlay-type":"","overlay-color":"","overlay-gradient":""},"tablet":{"background-color":"","background-image":"","background-repeat":"repeat","background-position":"center center","background-size":"auto","background-attachment":"scroll","background-type":"","background-media":"","overlay-type":"","overlay-color":"","overlay-gradient":""},"mobile":{"background-color":"","background-image":"","background-repeat":"repeat","background-position":"center center","background-size":"auto","background-attachment":"scroll","background-type":"","background-media":"","overlay-type":"","overlay-color":"","overlay-gradient":""}},"ast-content-background-meta":{"desktop":{"background-color":"var(--ast-global-color-5)","background-image":"","background-repeat":"repeat","background-position":"center center","background-size":"auto","background-attachment":"scroll","background-type":"","background-media":"","overlay-type":"","overlay-color":"","overlay-gradient":""},"tablet":{"background-color":"var(--ast-global-color-5)","background-image":"","background-repeat":"repeat","background-position":"center center","background-size":"auto","background-attachment":"scroll","background-type":"","background-media":"","overlay-type":"","overlay-color":"","overlay-gradient":""},"mobile":{"background-color":"var(--ast-global-color-5)","background-image":"","background-repeat":"repeat","background-position":"center center","background-size":"auto","background-attachment":"scroll","background-type":"","background-media":"","overlay-type":"","overlay-color":"","overlay-gradient":""}},"footnotes":""},"categories":[16],"tags":[],"uagb_featured_image_src":{"full":["https:\/\/www.caritasorvietotodi.it\/caritaswp\/wp-content\/uploads\/2026\/08\/62-_A7C6873.jpg",2048,1365,false],"thumbnail":["https:\/\/www.caritasorvietotodi.it\/caritaswp\/wp-content\/uploads\/2026\/08\/62-_A7C6873-150x150.jpg",150,150,true],"medium":["https:\/\/www.caritasorvietotodi.it\/caritaswp\/wp-content\/uploads\/2026\/08\/62-_A7C6873-300x200.jpg",300,200,true],"medium_large":["https:\/\/www.caritasorvietotodi.it\/caritaswp\/wp-content\/uploads\/2026\/08\/62-_A7C6873-768x512.jpg",768,512,true],"large":["https:\/\/www.caritasorvietotodi.it\/caritaswp\/wp-content\/uploads\/2026\/08\/62-_A7C6873-1024x683.jpg",1024,683,true],"1536x1536":["https:\/\/www.caritasorvietotodi.it\/caritaswp\/wp-content\/uploads\/2026\/08\/62-_A7C6873-1536x1024.jpg",1536,1024,true],"2048x2048":["https:\/\/www.caritasorvietotodi.it\/caritaswp\/wp-content\/uploads\/2026\/08\/62-_A7C6873.jpg",2048,1365,false]},"uagb_author_info":{"display_name":"Irene Grigioni","author_link":"https:\/\/www.caritasorvietotodi.it\/caritaswp\/author\/irenegrigioni\/"},"uagb_comment_info":0,"uagb_excerpt":"Camminata della Carit\u00e0 2026","_links":{"self":[{"href":"https:\/\/www.caritasorvietotodi.it\/caritaswp\/wp-json\/wp\/v2\/posts\/2925"}],"collection":[{"href":"https:\/\/www.caritasorvietotodi.it\/caritaswp\/wp-json\/wp\/v2\/posts"}],"about":[{"href":"https:\/\/www.caritasorvietotodi.it\/caritaswp\/wp-json\/wp\/v2\/types\/post"}],"author":[{"embeddable":true,"href":"https:\/\/www.caritasorvietotodi.it\/caritaswp\/wp-json\/wp\/v2\/users\/3"}],"replies":[{"embeddable":true,"href":"https:\/\/www.caritasorvietotodi.it\/caritaswp\/wp-json\/wp\/v2\/comments?post=2925"}],"version-history":[{"count":2,"href":"https:\/\/www.caritasorvietotodi.it\/caritaswp\/wp-json\/wp\/v2\/posts\/2925\/revisions"}],"predecessor-version":[{"id":2945,"href":"https:\/\/www.caritasorvietotodi.it\/caritaswp\/wp-json\/wp\/v2\/posts\/2925\/revisions\/2945"}],"wp:featuredmedia":[{"embeddable":true,"href":"https:\/\/www.caritasorvietotodi.it\/caritaswp\/wp-json\/wp\/v2\/media\/2936"}],"wp:attachment":[{"href":"https:\/\/www.caritasorvietotodi.it\/caritaswp\/wp-json\/wp\/v2\/media?parent=2925"}],"wp:term":[{"taxonomy":"category","embeddable":true,"href":"https:\/\/www.caritasorvietotodi.it\/caritaswp\/wp-json\/wp\/v2\/categories?post=2925"},{"taxonomy":"post_tag","embeddable":true,"href":"https:\/\/www.caritasorvietotodi.it\/caritaswp\/wp-json\/wp\/v2\/tags?post=2925"}],"curies":[{"name":"wp","href":"https:\/\/api.w.org\/{rel}","templated":true}]}}